{"id":2039,"date":"2020-05-03T19:42:03","date_gmt":"2020-05-03T17:42:03","guid":{"rendered":"https:\/\/www.scrical.it\/storiademenzasenile\/?p=2039"},"modified":"2021-06-11T18:41:15","modified_gmt":"2021-06-11T16:41:15","slug":"demenza-covid19-coronavirus","status":"publish","type":"post","link":"https:\/\/www.scrical.it\/storiademenzasenile\/demenza-covid19-coronavirus\/","title":{"rendered":"Demenza e COVID-19: alcuni suggerimenti per chi si prende cura di un anziano"},"content":{"rendered":"\n<p>Molto probabilmente, la demenza non aumenta il rischio di COVID-19, la malattia respiratoria causata dal nuovo coronavirus, proprio come la demenza non aumenta il rischio di influenza. <\/p>\n\n\n\n<p>Tuttavia, comportamenti correlati alla demenza, aumento dell&#8217;et\u00e0 e patologie correlate  possono aumentano il rischio no solo di infezione ma di una patologia severa come purtroppo dimostrano gli eventi di queste ultime settimane.  <\/p>\n\n\n\n<p>Occorre quindi aumentare l\u2019attenzione soprattutto per quelle persone che mantengono una residua autonomia e che \u2013 forse \u2013 sono ancora pi\u00f9 a rischio. <\/p>\n\n\n\n<p>E\u2019 facile per una persona affetta da demenza dimenticare le principali norme di cautela che ormai si sono radicate nelle nostre nuove abitudini come, ad esempio, il lavarsi le mai spesso, oppure l\u2019uso della mascherina o dei guanti.<\/p>\n\n\n\n<p>Con le parziali aperture dal lockdown diventa ancora pi\u00f9\nimportante seguire scrupolosamente poche ma importanti regole. Siamo\nrimasti tutti rinchiusi a lungo, e la possibilit\u00e0, finalmente, di\npoterci muovere un po\u2019 pi\u00f9 liberamente, pu\u00f2 renderci un po\u2019,\ncome dire,  distratti. Mentre il Covid-19 \u00e8 sempre l\u00ec in agguato e\nlo sar\u00e0 ancora a lungo.<\/p>\n\n\n\n<h2 class=\"wp-block-heading\">Studio dell&#8217;Istituto superiore di sanit\u00e0 sull&#8217;impatto del Covid-19 sulle persone affette da demenza<\/h2>\n\n\n\n<p>Giugno &#8211; 2021- Una persona su sei anziani deceduti a causa del Covid-19 era affetta da demenza. Sono questi i dati presentati dalla <a aria-label=\" (opens in a new tab)\" rel=\"noreferrer noopener\" href=\"https:\/\/www.fondazioneveronesi.it\/magazine\/articoli\/neuroscienze\/covid-19-in-italia-1-vittima-su-6-aveva-una-demenza\" target=\"_blank\" class=\"rank-math-link\">Fondazione Veronesi<\/a>. Il coronavirus ha dunque decimato gli anziani con un deficit cognitivo.<\/p>\n\n\n\n<p>Anche l&#8217;Istituto superiore della sanit\u00e0 ha presentato uno studio dal titolo: <em><a href=\"https:\/\/www.iss.it\/documents\/20126\/0\/COVID-19+e+demenza+.pdf\/30e0382f-b181-5ca5-6caa-22af0fc5ef19?t=1613031434352\" class=\"rank-math-link\" target=\"_blank\" rel=\"noopener\">L\u2019IMPATTO DELLA PANDEMIA DI COVID-19 SULLE PERSONE CON DEMENZA<\/a><\/em>:<\/p>\n\n\n\n<p><a href=\"https:\/\/www.scrical.it\/storiademenzasenile\/demenza-covid19-coronavirus\/\">Visualizza articolo<\/a><\/p>\n\n\n\n<blockquote class=\"wp-block-quote is-layout-flow wp-block-quote-is-layout-flow\"><p>La pandemia di COVID-19 sta esercitando un profondo impatto sulla salute e sul benessere delle persone con demenza. In Italia, cos\u00ec come in altri Paesi del mondo, un\u2019elevata percentuale di decessi per COVID-19 si \u00e8 verificata in persone con demenza. Un\u2019ampia proporzione di pazienti, pur non direttamente colpiti dal contagio, ha presentato un importante peggioramento delle proprie condizioni cliniche. <br>Parallelamente, sono aumentati in modo considerevole i livelli di stress e di carico assistenziale per familiari e caregiver. Infine, l\u2019organizzazione delle attivit\u00e0 cliniche e socioassistenziali rivolte alle persone con demenza e ai loro caregiver \u00e8 stata profondamente sovvertita dalla pandemia.<\/p><\/blockquote>\n\n\n\n<p>Ecco gli argomenti trattati nello studio:<\/p>\n\n\n\n<ul class=\"wp-block-list\"><li>Mortalit\u00e0 da COVID-19 nelle persone con demenza<\/li><li>Effetti della pandemia di COVID-19 sulle condizioni cliniche delle persone con demenza, sul caregiving e sull&#8217;organizzazione dei servizi<\/li><li>Indicazioni per un appropriato sostegno alle persone con demenza nello scenario della pandemia di COVID-19<\/li><\/ul>\n\n\n\n<figure class=\"wp-block-image\"><img loading=\"lazy\" decoding=\"async\" width=\"1024\" height=\"768\" src=\"https:\/\/www.scrical.it\/storiademenzasenile\/wp-content\/uploads\/2020\/05\/coronavirus-demenza-1024x768.jpg\" alt=\"coronavirus demenza come fare\" class=\"wp-image-2047\" srcset=\"https:\/\/www.scrical.it\/storiademenzasenile\/wp-content\/uploads\/2020\/05\/coronavirus-demenza-1024x768.jpg 1024w, https:\/\/www.scrical.it\/storiademenzasenile\/wp-content\/uploads\/2020\/05\/coronavirus-demenza-300x225.jpg 300w, https:\/\/www.scrical.it\/storiademenzasenile\/wp-content\/uploads\/2020\/05\/coronavirus-demenza-768x576.jpg 768w, https:\/\/www.scrical.it\/storiademenzasenile\/wp-content\/uploads\/2020\/05\/coronavirus-demenza-640x480.jpg 640w, https:\/\/www.scrical.it\/storiademenzasenile\/wp-content\/uploads\/2020\/05\/coronavirus-demenza.jpg 1200w\" sizes=\"auto, (max-width: 1024px) 100vw, 1024px\" \/><\/figure>\n\n\n\n<h2 class=\"wp-block-heading\">Suggerimenti per chi si prende cura di una persona affetta da demenza a casa<\/h2>\n\n\n\n<p>I caregiver delle persone affette da Alzheimer e tutte le altre forme di demenza possono seguire i consigli per l\u2019<a rel=\"noreferrer noopener\" label=\"emergenza coronavirus per Caregiver pubblicati dall\u2019associazione Alzheimer Italia (opens in a new tab)\" href=\"http:\/\/www.alzheimer.it\/to_attivita_covid_19.html\" target=\"_blank\">emergenza coronavirus per Caregiver pubblicati dall\u2019associazione Alzheimer Italia<\/a>  che arricchiamo in questo articolo con quelli pubblicati dall\u2019<em><a href=\"https:\/\/www.alz.org\/help-support\/caregiving\/coronavirus-(covid-19)-tips-for-dementia-care\" target=\"_blank\" rel=\"noreferrer noopener\" aria-label=\"Alzheimer\u2019s Association (opens in a new tab)\">Alzheimer\u2019s Association<\/a><\/em>. <\/p>\n\n\n\n<h3 class=\"wp-block-heading\">Suggerimenti per le persone con demenza che\nvivono in casa<\/h3>\n\n\n\n<p>Per le persone affette da demenza, un aumento dello stato\nconfusionale pu\u00f2 essere un primo sintomo di qualsiasi malattia. In\nquesto caso contatta il suo medico curante per un consiglio. \n<\/p>\n\n\n\n<ul class=\"wp-block-list\"><li>Ricordiamo che soprattutto in questo periodo \u00e8 sconsigliato recarsi direttamente in pronto soccorso. Anche in caso di difficolt\u00e0 a respirare e o febbre alta, \u00e8 sempre meglio interfacciarsi prima di tutto con il medico di base, la guardia medica o il 118. Lasciamo agli esperti il valutare la situazione e disporre se effettivamente \u00e8 necessario un ricovero. Per quanto sanificati, gli ospedali per loro natura sono veicoli di possibili infezioni. <\/li><li>Le persone con una demenza non grave potrebbero aver bisogno supporti extra, come promemoria, per ricordare le pratiche igieniche necessarie in questo periodo di coronavirus. Ad esempio dei promemoria in bagno per ricordare di lavarsi le mani con il sapone per almeno 40 secondi. <\/li><li>Ricordiamo con una certa frequenza alla persona affetta da Alzheimer come si fa un lavaggio accurato. <\/li><li>Se nel tempo che passa fra il rientro in casa e l\u2019andare in bagno notiamo che la persona in modo sistematico dimentica di lavarsi le mani, valutiamo di mettere un dispenser di disinfettante all\u2019ingresso, creando un automatismo fra il rientro in casa (anche solo per un giro in giardino) e l\u2019uso del disinfettante. <\/li><li>Premunirsi di riordinare per tempo i medicinali soprattutto se si fa utilizzo della consegna a casa. <\/li><li>Massima attenzione da parte del caregiver nei suoi spostamenti all\u2019esterno.  <\/li><li>Se il tuo anziano genitore \u00e8 seguito da una badante, o in modo principale da uno dei familiari,  pensare per tempo a come sostituirli nel caso si dovessero risultare positivi al  COVID-19.   <\/li><\/ul>\n\n\n\n<figure class=\"wp-block-image\"><a href=\"https:\/\/www.scrical.it\/storiademenzasenile\/wp-content\/uploads\/2020\/05\/coronavirus-demenza-lavare-mani.jpg\" target=\"_blank\" rel=\"noreferrer noopener\"><img loading=\"lazy\" decoding=\"async\" width=\"894\" height=\"438\" src=\"https:\/\/www.scrical.it\/storiademenzasenile\/wp-content\/uploads\/2020\/05\/coronavirus-demenza-lavare-mani-short.jpg\" alt=\"coronavirus come lavare mani\" class=\"wp-image-2050\" srcset=\"https:\/\/www.scrical.it\/storiademenzasenile\/wp-content\/uploads\/2020\/05\/coronavirus-demenza-lavare-mani-short.jpg 894w, https:\/\/www.scrical.it\/storiademenzasenile\/wp-content\/uploads\/2020\/05\/coronavirus-demenza-lavare-mani-short-300x147.jpg 300w, https:\/\/www.scrical.it\/storiademenzasenile\/wp-content\/uploads\/2020\/05\/coronavirus-demenza-lavare-mani-short-768x376.jpg 768w, https:\/\/www.scrical.it\/storiademenzasenile\/wp-content\/uploads\/2020\/05\/coronavirus-demenza-lavare-mani-short-640x314.jpg 640w\" sizes=\"auto, (max-width: 894px) 100vw, 894px\" \/><\/a><figcaption>Le indicazioni del Ministero della Salute per lavare le mani.  Clicca sull&#8217;immagine per vederle tutte.<\/figcaption><\/figure>\n\n\n\n<h2 class=\"wp-block-heading\">Come impegnare il tempo in quarantena da coronavirus<\/h2>\n\n\n\n<p>Per in nostri anziani la quarantena sar\u00e0 ancora lunga. Qui di\nseguito ti propongo una sintesi del decalogo pubblicato \ndall\u2019associazione Alzheimer Italia che propone delle attivit\u00e0 per\nimpegnare le lunghe giornate di questa quarantena rsa ancora pi\u00f9\npesante dal non poter pi\u00f9 frequentare i luoghi di incontro come ad\nesempio i centri per anziani.<\/p>\n\n\n\n<h3 class=\"wp-block-heading\"><strong>Proporre di riordinare vecchie foto, cartoline, oggetti<\/strong><\/h3>\n\n\n\n<p>Le nostre case sono piene di angoli in cui sono riposte foto, oggetti del passato, vecchi ritagli di giornali, cartoline e cos\u00ec via. Un\u2019attivit\u00e0 che pu\u00f2 essere proposta \u00e8 quella di riordinarle riponendole in scatole che verrano etichettate o di raccoglierle in album fotografici. <\/p>\n\n\n<p>[table id=25 show_columns=&#8221;c&#8221; show_rows=&#8221;1&#8243; \/]<\/p>\n\n\n<p>[table id=16 show_columns=&#8221;a,b,c,d,e&#8221; show_rows=&#8221;1,2&#8243; \/]<\/p>\n\n\n\n<p>Ogni oggetto \u00e8 l\u2019occasione per stimolare un ricordo, il racconto di un\u2019esperienza personale. Inoltre pu\u00f2 essere anche un buon esercizio per aiutarli a recuperare i nomi di oggetti p di persone sollecitandoli sempre con calma e tranquillit\u00e0 a ricordarsi il loro nome,<\/p>\n\n\n\n<h3 class=\"wp-block-heading\"><strong>Ascoltiamo vecchie canzoni?<\/strong><\/h3>\n\n\n\n<p>Soprattutto per le persone che sono pi\u00f9 sensibili alla musica. Anche l\u2019ascolto di vecchie canzoni pu\u00f2 stimolare il ricordo di avvenimenti del passato e la capacit\u00e0 di raccontarli. <\/p>\n\n\n\n<p>Inoltre la musica pu\u00f2 trasformarsi in un\u2019occasione di esercizio, accennando a passi di danza, o tenendo il ritmo battendo le mani. Ma anche semplicemente lasciando che il nostro anziano genitore si muova liberamente seguendo la musica.<\/p>\n\n\n\n<h3 class=\"wp-block-heading\"><strong>Muoversi \u00e8 importante<\/strong><\/h3>\n\n\n\n<p>In quarantena \u00e8 difficile muoversi soprattutto per le persone che vivono in un appartamento. Occorre sfruttare tutti gli spazi disponibili. Il terrazzo ad esempio. In caso contrario si possono fare semplici esercizi come alzarsi e sedersi da una sedia. Trovi in <a href=\"http:\/\/www.alzheimer.it\/diecies.pdf\" target=\"_blank\" rel=\"noopener\">questo link trovi dieci esercizi per chi \u00e8 affetto da demenza<\/a>. <\/p>\n\n\n\n<p>Per i meno disposti a sottomettersi a questi esercizi si potrebbe\ntentare di associarli all\u2019ascolto della musica, qui non \u00e8\nimportante il ritmo ma provare a rendere piacevole un\u2019attivit\u00e0 che\npotrebbe essere rifiutata. \n<\/p>\n\n\n<p>[table id=25 show_columns=&#8221;c&#8221; show_rows=&#8221;1&#8243; \/]<\/p>\n\n\n<p>[table id=17 show_columns=&#8221;a,b,c&#8221; show_rows=&#8221;1,3&#8243; \/]<\/p>\n\n\n\n<h3 class=\"wp-block-heading\"><strong>Rendiamoli partecipi del quotidiano<\/strong><\/h3>\n\n\n\n<p>Come caregiver ci siamo sempre occupati di rassettare e riordinare magari sfruttando l&#8217;occasione che il nostro caro affetto da demenza si trovasse al centro per anziani per fare le cose con calma. <\/p>\n\n\n\n<p>In questo periodo di lunghe e noiose giornate pu\u00f2 essere un modo di impegnare il suo tempo. Riordinare i cassetti,  lavare a mano piccola biancheria, piegare gli asciugamani, creare gioielli con la pasta, sistemare rocchetti di filo per colore, fare piccoli giochi di costruzione, possono essere attivit\u00e0 da svolgere con calma insieme a loro. <\/p>\n\n\n\n<p>Anche cucinare pu\u00f2 essere un buon modo per impegnare alcuni momenti della giornata. Ovviamente non si deve essere pressati dall\u2019urgenza di mettere il pranzo in tavola. Meglio dedicarsi a piatti che possono essere preparati con calma, un dolce ad esempio, o un piatto che pu\u00f2 essere consumato anche il giorno dopo. <\/p>\n\n\n\n<p>Oltre a essere un modo stimolante di passare il tempo nell&#8217;isolamento imposto dal Covid-19, il ricordare al nostro caro affetto di demenza che quella pietanza \u00e8 stata preparata da lui ha effetti positivi sulla propria autostima.  <\/p>\n\n\n\n<h3 class=\"wp-block-heading\">Ruotine e programmazione anche in tempo di Covid-19<\/h3>\n\n\n\n<p>La routine \u00e8 fondamentale per le persone con demenza. La quarantena causata dal coronavirus pu\u00f2 avere scardinato la routine di molte persona anziane, le uscite non sono pi\u00f9 possibili, non si possono pi\u00f9 incontrare altri anziani. <\/p>\n\n\n\n<p>Anche nel rimanere a casa bisogna stabilire una routine programmando le giornate nel rispetto dei cicli di pasti, veglia, sonno. <\/p>\n\n\n\n<p>La routine aiuta anche a limitare gli effetti della sindrome del tramonto che nelle ore serali pu\u00f2 causare un aumento dello stato confusionale.<\/p>\n\n\n\n<p>Particolare attenzione alla sicurezza in casa con una persona\naffetta da demenza.\nL\u2019ambiente domestico nasconde\nmille piccolo pericoli per ciascuno\ndi noi, figuriamoci per una persona anziana.<\/p>\n\n\n\n<h2 class=\"wp-block-heading\">Estrema cautela a chiunque si avvicini<\/h2>\n\n\n\n<p>Ovviamente in casa non dovrebbe entrare nessuno. In caso di\nconsegna di beni a domicilio, se non si pu\u00f2 lasciare da solo il\nnostro genitore affetto da demenza, farsi lasciare i prodotti sullo\nzerbino, far allontanare il fattorino, mettere sullo zerbino il\ncontante corretto, prendere i prodotti e allontanarsi prima che il\nfattorino si avvicini.<\/p>\n\n\n\n<p>Buona norma sarebbe disinfettare anche i contenitori prima che\nvengano in contatto con il nostro anziano genitore.<\/p>\n\n\n\n<p>Se l\u2019abitazione  \u00e8 dotata di giardino esterno, assicurasi che\nal cancello o alla recinzione non si avvicini nessuno, neppure per un\nsaluto. \n<\/p>\n\n\n\n<p>In caso di servizi a domicilio dobbiamo essere puntigliosi. Sebbene tutti gli operatori siano particolarmente attenti a tutte le norme di igiene e di sicurezza, un momento di distrazione in questo periodo di grande stress pu\u00f2 accadere. <\/p>\n\n\n\n<p>In qualit\u00e0 di caregiver abbiamo il diritto e il dovere di assicurarci che tutte le norme vengano rispettate, chiedendone loro esplicita conferma, ad ogni visita domiciliare.<\/p>\n\n\n<div class=\"kk-star-ratings kksr-auto kksr-align-left kksr-valign-bottom\"\n    data-payload='{&quot;align&quot;:&quot;left&quot;,&quot;id&quot;:&quot;2039&quot;,&quot;slug&quot;:&quot;default&quot;,&quot;valign&quot;:&quot;bottom&quot;,&quot;ignore&quot;:&quot;&quot;,&quot;reference&quot;:&quot;auto&quot;,&quot;class&quot;:&quot;&quot;,&quot;count&quot;:&quot;10&quot;,&quot;legendonly&quot;:&quot;&quot;,&quot;readonly&quot;:&quot;&quot;,&quot;score&quot;:&quot;4.3&quot;,&quot;starsonly&quot;:&quot;&quot;,&quot;best&quot;:&quot;5&quot;,&quot;gap&quot;:&quot;4&quot;,&quot;greet&quot;:&quot;Vota l\\u0026#039;articolo&quot;,&quot;legend&quot;:&quot;4.3\\\/5 - (10 votes)&quot;,&quot;size&quot;:&quot;24&quot;,&quot;title&quot;:&quot;Demenza e COVID-19: alcuni suggerimenti per chi si prende cura di un anziano&quot;,&quot;width&quot;:&quot;118.4&quot;,&quot;_legend&quot;:&quot;{score}\\\/{best} - ({count} {votes})&quot;,&quot;font_factor&quot;:&quot;1.25&quot;}'>\n            \n<div class=\"kksr-stars\">\n    \n<div class=\"kksr-stars-inactive\">\n            <div class=\"kksr-star\" data-star=\"1\" style=\"padding-right: 4px\">\n            \n\n<div class=\"kksr-icon\" style=\"width: 24px; height: 24px;\"><\/div>\n        <\/div>\n            <div class=\"kksr-star\" data-star=\"2\" style=\"padding-right: 4px\">\n            \n\n<div class=\"kksr-icon\" style=\"width: 24px; height: 24px;\"><\/div>\n        <\/div>\n            <div class=\"kksr-star\" data-star=\"3\" style=\"padding-right: 4px\">\n            \n\n<div class=\"kksr-icon\" style=\"width: 24px; height: 24px;\"><\/div>\n        <\/div>\n            <div class=\"kksr-star\" data-star=\"4\" style=\"padding-right: 4px\">\n            \n\n<div class=\"kksr-icon\" style=\"width: 24px; height: 24px;\"><\/div>\n        <\/div>\n            <div class=\"kksr-star\" data-star=\"5\" style=\"padding-right: 4px\">\n            \n\n<div class=\"kksr-icon\" style=\"width: 24px; height: 24px;\"><\/div>\n        <\/div>\n    <\/div>\n    \n<div class=\"kksr-stars-active\" style=\"width: 118.4px;\">\n            <div class=\"kksr-star\" style=\"padding-right: 4px\">\n            \n\n<div class=\"kksr-icon\" style=\"width: 24px; height: 24px;\"><\/div>\n        <\/div>\n            <div class=\"kksr-star\" style=\"padding-right: 4px\">\n            \n\n<div class=\"kksr-icon\" style=\"width: 24px; height: 24px;\"><\/div>\n        <\/div>\n            <div class=\"kksr-star\" style=\"padding-right: 4px\">\n            \n\n<div class=\"kksr-icon\" style=\"width: 24px; height: 24px;\"><\/div>\n        <\/div>\n            <div class=\"kksr-star\" style=\"padding-right: 4px\">\n            \n\n<div class=\"kksr-icon\" style=\"width: 24px; height: 24px;\"><\/div>\n        <\/div>\n            <div class=\"kksr-star\" style=\"padding-right: 4px\">\n            \n\n<div class=\"kksr-icon\" style=\"width: 24px; height: 24px;\"><\/div>\n        <\/div>\n    <\/div>\n<\/div>\n                \n\n<div class=\"kksr-legend\" style=\"font-size: 19.2px;\">\n            4.3\/5 - (10 votes)    <\/div>\n    <\/div>\n","protected":false},"excerpt":{"rendered":"<p>Molto probabilmente, la demenza non aumenta il rischio di COVID-19, la malattia respiratoria causata dal nuovo coronavirus, proprio come la<\/p>\n","protected":false},"author":4,"featured_media":2047,"comment_status":"open","ping_status":"closed","sticky":false,"template":"","format":"standard","meta":{"colormag_page_container_layout":"default_layout","colormag_page_sidebar_layout":"default_layout","footnotes":""},"categories":[49],"tags":[],"class_list":["post-2039","post","type-post","status-publish","format-standard","has-post-thumbnail","hentry","category-come-comportarsi-demenza"],"_links":{"self":[{"href":"https:\/\/www.scrical.it\/storiademenzasenile\/wp-json\/wp\/v2\/posts\/2039","targetHints":{"allow":["GET"]}}],"collection":[{"href":"https:\/\/www.scrical.it\/storiademenzasenile\/wp-json\/wp\/v2\/posts"}],"about":[{"href":"https:\/\/www.scrical.it\/storiademenzasenile\/wp-json\/wp\/v2\/types\/post"}],"author":[{"embeddable":true,"href":"https:\/\/www.scrical.it\/storiademenzasenile\/wp-json\/wp\/v2\/users\/4"}],"replies":[{"embeddable":true,"href":"https:\/\/www.scrical.it\/storiademenzasenile\/wp-json\/wp\/v2\/comments?post=2039"}],"version-history":[{"count":5,"href":"https:\/\/www.scrical.it\/storiademenzasenile\/wp-json\/wp\/v2\/posts\/2039\/revisions"}],"predecessor-version":[{"id":2128,"href":"https:\/\/www.scrical.it\/storiademenzasenile\/wp-json\/wp\/v2\/posts\/2039\/revisions\/2128"}],"wp:featuredmedia":[{"embeddable":true,"href":"https:\/\/www.scrical.it\/storiademenzasenile\/wp-json\/wp\/v2\/media\/2047"}],"wp:attachment":[{"href":"https:\/\/www.scrical.it\/storiademenzasenile\/wp-json\/wp\/v2\/media?parent=2039"}],"wp:term":[{"taxonomy":"category","embeddable":true,"href":"https:\/\/www.scrical.it\/storiademenzasenile\/wp-json\/wp\/v2\/categories?post=2039"},{"taxonomy":"post_tag","embeddable":true,"href":"https:\/\/www.scrical.it\/storiademenzasenile\/wp-json\/wp\/v2\/tags?post=2039"}],"curies":[{"name":"wp","href":"https:\/\/api.w.org\/{rel}","templated":true}]}}